{"id":454,"date":"2017-05-30T07:37:20","date_gmt":"2017-05-30T04:37:20","guid":{"rendered":"http:\/\/www.fabrikaambalaj.com\/tr\/?p=454"},"modified":"2017-07-10T22:24:39","modified_gmt":"2017-07-10T19:24:39","slug":"karton-kutu","status":"publish","type":"post","link":"http:\/\/www.fabrikaambalaj.com\/tr\/karton-kutu.html","title":{"rendered":"Karton Kutu"},"content":{"rendered":"<p>Karton kutu, ad\u0131ndan da anla\u015f\u0131ld\u0131\u011f\u0131 gibi karton malzemeden \u00fcretilmektedir. \u0130ste\u011fe ve se\u00e7ene\u011fe g\u00f6re her \u00f6l\u00e7\u00fcde \u00fcretilmektedir. Ki\u015fiye \u00f6zel renk se\u00e7enekleri ile \u00fcr\u00fcne uygun tasar\u0131m ve renk ile karton kutu \u00fcretim yapmaktay\u0131z.<\/p>\n<p>L\u00fctfen <a href=\"http:\/\/www.fabrikaambalaj.com\/tr\/karton-kutu\">karton kutu<\/a> \u00fcr\u00fcnlerimiz sayfas\u0131n\u0131 ziyaret edin.<\/p>\n<p>Daha detayl\u0131 karton kutu i\u00e7in bizim ile ileti\u015fime ge\u00e7in.<\/p>\n<p>Fabrika Ambalaj olarak her ebatta ve her renkte karton kutu \u00fcretimimiz vard\u0131r. Ki\u015fiye \u00f6zel yada firman\u0131za bask\u0131l\u0131 yada bask\u0131s\u0131z olarak karton kutu \u00fcretip teslim edebiliriz. Daha detayl\u0131 bilgi i\u00e7in l\u00fctfen bizim ile irtibata ge\u00e7in.<br \/>\nKarton kutu sekt\u00f6r\u00fcnde ki firmam\u0131z \u00fcretmi\u015f oldu\u011fu her t\u00fcrl\u00fc karton kutu \u00fcr\u00fcnlerini titiz \u00e7al\u0131\u015fma sonucunda en do\u011fru \u015fekilde sonu\u00e7land\u0131rmaktad\u0131r.<\/p>\n","protected":false},"excerpt":{"rendered":"<p>Karton kutu, ad\u0131ndan da anla\u015f\u0131ld\u0131\u011f\u0131 gibi karton malzemeden \u00fcretilmektedir. \u0130ste\u011fe ve se\u00e7ene\u011fe g\u00f6re her \u00f6l\u00e7\u00fcde \u00fcretilmektedir. Ki\u015fiye \u00f6zel renk se\u00e7enekleri ile \u00fcr\u00fcne uygun tasar\u0131m ve renk ile karton kutu \u00fcretim yapmaktay\u0131z. L\u00fctfen karton kutu \u00fcr\u00fcnlerimiz sayfas\u0131n\u0131 ziyaret edin. Daha detayl\u0131 karton kutu i\u00e7in bizim ile ileti\u015fime ge\u00e7in. Fabrika Ambalaj olarak her ebatta ve her renkte [&hellip;]<\/p>\n","protected":false},"author":1,"featured_media":0,"comment_status":"open","ping_status":"open","sticky":false,"template":"","format":"standard","meta":{"footnotes":""},"categories":[1],"tags":[],"class_list":["post-454","post","type-post","status-publish","format-standard","hentry","category-genel"],"_links":{"self":[{"href":"http:\/\/www.fabrikaambalaj.com\/tr\/wp-json\/wp\/v2\/posts\/454","targetHints":{"allow":["GET"]}}],"collection":[{"href":"http:\/\/www.fabrikaambalaj.com\/tr\/wp-json\/wp\/v2\/posts"}],"about":[{"href":"http:\/\/www.fabrikaambalaj.com\/tr\/wp-json\/wp\/v2\/types\/post"}],"author":[{"embeddable":true,"href":"http:\/\/www.fabrikaambalaj.com\/tr\/wp-json\/wp\/v2\/users\/1"}],"replies":[{"embeddable":true,"href":"http:\/\/www.fabrikaambalaj.com\/tr\/wp-json\/wp\/v2\/comments?post=454"}],"version-history":[{"count":4,"href":"http:\/\/www.fabrikaambalaj.com\/tr\/wp-json\/wp\/v2\/posts\/454\/revisions"}],"predecessor-version":[{"id":761,"href":"http:\/\/www.fabrikaambalaj.com\/tr\/wp-json\/wp\/v2\/posts\/454\/revisions\/761"}],"wp:attachment":[{"href":"http:\/\/www.fabrikaambalaj.com\/tr\/wp-json\/wp\/v2\/media?parent=454"}],"wp:term":[{"taxonomy":"category","embeddable":true,"href":"http:\/\/www.fabrikaambalaj.com\/tr\/wp-json\/wp\/v2\/categories?post=454"},{"taxonomy":"post_tag","embeddable":true,"href":"http:\/\/www.fabrikaambalaj.com\/tr\/wp-json\/wp\/v2\/tags?post=454"}],"curies":[{"name":"wp","href":"https:\/\/api.w.org\/{rel}","templated":true}]}}