{"id":523,"date":"2017-05-30T07:58:35","date_gmt":"2017-05-30T04:58:35","guid":{"rendered":"http:\/\/www.fabrikaambalaj.com\/tr\/?p=523"},"modified":"2017-05-30T07:58:35","modified_gmt":"2017-05-30T04:58:35","slug":"gul-kutusu","status":"publish","type":"post","link":"http:\/\/www.fabrikaambalaj.com\/tr\/gul-kutusu.html","title":{"rendered":"G\u00fcl Kutusu"},"content":{"rendered":"<p>Fabrika Ambalaj olarak her ebatta ve her renkte g\u00fcl kutusu \u00fcretimimiz vard\u0131r. Ki\u015fiye \u00f6zel yada firman\u0131za bask\u0131l\u0131 yada bask\u0131s\u0131z olarak g\u00fcl kutusunu \u00fcretip teslim edebiliriz. Daha detayl\u0131 bilgi i\u00e7in l\u00fctfen bizim ile irtibata ge\u00e7in.<br \/>\nKarton kutu sekt\u00f6r\u00fcnde ki firmam\u0131z \u00fcretmi\u015f oldu\u011fu her t\u00fcrl\u00fc karton kutu \u00fcr\u00fcnlerini titiz \u00e7al\u0131\u015fma sonucunda en do\u011fru \u015fekilde sonu\u00e7land\u0131rmaktad\u0131r.<\/p>\n","protected":false},"excerpt":{"rendered":"<p>Fabrika Ambalaj olarak her ebatta ve her renkte g\u00fcl kutusu \u00fcretimimiz vard\u0131r. Ki\u015fiye \u00f6zel yada firman\u0131za bask\u0131l\u0131 yada bask\u0131s\u0131z olarak g\u00fcl kutusunu \u00fcretip teslim edebiliriz. Daha detayl\u0131 bilgi i\u00e7in l\u00fctfen bizim ile irtibata ge\u00e7in. Karton kutu sekt\u00f6r\u00fcnde ki firmam\u0131z \u00fcretmi\u015f oldu\u011fu her t\u00fcrl\u00fc karton kutu \u00fcr\u00fcnlerini titiz \u00e7al\u0131\u015fma sonucunda en do\u011fru \u015fekilde sonu\u00e7land\u0131rmaktad\u0131r.<\/p>\n","protected":false},"author":1,"featured_media":0,"comment_status":"open","ping_status":"open","sticky":false,"template":"","format":"standard","meta":{"footnotes":""},"categories":[1],"tags":[],"class_list":["post-523","post","type-post","status-publish","format-standard","hentry","category-genel"],"_links":{"self":[{"href":"http:\/\/www.fabrikaambalaj.com\/tr\/wp-json\/wp\/v2\/posts\/523","targetHints":{"allow":["GET"]}}],"collection":[{"href":"http:\/\/www.fabrikaambalaj.com\/tr\/wp-json\/wp\/v2\/posts"}],"about":[{"href":"http:\/\/www.fabrikaambalaj.com\/tr\/wp-json\/wp\/v2\/types\/post"}],"author":[{"embeddable":true,"href":"http:\/\/www.fabrikaambalaj.com\/tr\/wp-json\/wp\/v2\/users\/1"}],"replies":[{"embeddable":true,"href":"http:\/\/www.fabrikaambalaj.com\/tr\/wp-json\/wp\/v2\/comments?post=523"}],"version-history":[{"count":1,"href":"http:\/\/www.fabrikaambalaj.com\/tr\/wp-json\/wp\/v2\/posts\/523\/revisions"}],"predecessor-version":[{"id":524,"href":"http:\/\/www.fabrikaambalaj.com\/tr\/wp-json\/wp\/v2\/posts\/523\/revisions\/524"}],"wp:attachment":[{"href":"http:\/\/www.fabrikaambalaj.com\/tr\/wp-json\/wp\/v2\/media?parent=523"}],"wp:term":[{"taxonomy":"category","embeddable":true,"href":"http:\/\/www.fabrikaambalaj.com\/tr\/wp-json\/wp\/v2\/categories?post=523"},{"taxonomy":"post_tag","embeddable":true,"href":"http:\/\/www.fabrikaambalaj.com\/tr\/wp-json\/wp\/v2\/tags?post=523"}],"curies":[{"name":"wp","href":"https:\/\/api.w.org\/{rel}","templated":true}]}}